{"id":2807,"date":"2020-04-15T16:07:53","date_gmt":"2020-04-15T14:07:53","guid":{"rendered":"http:\/\/immopresenter3d.com\/2020\/04\/15\/preise-brechen-ein-corona-crash-am-deutschen-immobilienmarkt-wie-schlimm-es-nun-wirklich-wird-2\/"},"modified":"2020-05-06T07:02:40","modified_gmt":"2020-05-06T05:02:40","slug":"preise-brechen-ein-corona-crash-am-deutschen-immobilienmarkt-wie-schlimm-es-nun-wirklich-wird-2","status":"publish","type":"post","link":"https:\/\/immopresenter3d.com\/zh\/2020\/04\/15\/preise-brechen-ein-corona-crash-am-deutschen-immobilienmarkt-wie-schlimm-es-nun-wirklich-wird-2\/","title":{"rendered":"\u4ef7\u683c\u6682\u65f6\u51bb\u7ed3-\u7535\u6655\u5728\u5fb7\u56fd\u623f\u5730\u4ea7\u5e02\u573a\u4e0a\u5d29\u6e83\uff1f\u5230\u5e95\u6709\u591a\u7cdf"},"content":{"rendered":"<p>Die Corona-Krise wird die Immobilien-Welt nicht v\u00f6llig aus den Angeln heben. Doch wie schon nach der Finanzkrise 2008 d\u00fcrfte es auch diesmal zu graduellen Ver\u00e4nderungen kommen. Aber unver\u00e4ndert wird gelten: Angebot und Nachfrage bestimmen den&#8230;<\/p>\n<p><a href=\"https:\/\/www.focus.de\/immobilien\/experten\/braun\/pandemie-so-wirkt-sich-die-krise-auf-deutschlands-immoblienmarkt-aus_id_11884577.html\" rel=\"noopener noreferrer\" target=\"_blank\">\u66f4<\/a><br \/> \u4e13\u6ce8<\/p>","protected":false},"excerpt":{"rendered":"<p>\u7535\u6655\u5371\u673a\u4e0d\u4f1a\u5b8c\u5168\u52a8\u6447\u623f\u5730\u4ea7\u4e16\u754c\u3002\u4f46\u662f\u5c31\u50cf2008\u5e74\u91d1\u878d\u5371\u673a\u4e4b\u540e\u4e00\u6837\uff0c\u8fd9\u6b21\u4e5f\u53ef\u80fd\u4f1a\u53d1\u751f\u9010\u6e10\u7684\u53d8\u5316\u3002\u4f46\u540c\u6837\u5982\u6b64\uff1a\u4f9b\u9700\u51b3\u5b9a\u2026\u2026<\/p>","protected":false},"author":1,"featured_media":1219,"comment_status":"closed","ping_status":"open","sticky":false,"template":"","format":"standard","meta":{"_mi_skip_tracking":false,"jetpack_publicize_message":"","jetpack_is_tweetstorm":false,"jetpack_publicize_feature_enabled":true,"jetpack_social_post_already_shared":true,"jetpack_social_options":[]},"categories":[136],"tags":[139,138,137,140],"jetpack_publicize_connections":[],"jetpack_featured_media_url":"https:\/\/immopresenter3d.com\/wp-content\/uploads\/2019\/10\/thumbnails-2.jpg","jetpack_sharing_enabled":true,"jetpack_likes_enabled":true,"_links":{"self":[{"href":"https:\/\/immopresenter3d.com\/zh\/wp-json\/wp\/v2\/posts\/2807"}],"collection":[{"href":"https:\/\/immopresenter3d.com\/zh\/wp-json\/wp\/v2\/posts"}],"about":[{"href":"https:\/\/immopresenter3d.com\/zh\/wp-json\/wp\/v2\/types\/post"}],"author":[{"embeddable":true,"href":"https:\/\/immopresenter3d.com\/zh\/wp-json\/wp\/v2\/users\/1"}],"replies":[{"embeddable":true,"href":"https:\/\/immopresenter3d.com\/zh\/wp-json\/wp\/v2\/comments?post=2807"}],"version-history":[{"count":2,"href":"https:\/\/immopresenter3d.com\/zh\/wp-json\/wp\/v2\/posts\/2807\/revisions"}],"predecessor-version":[{"id":2822,"href":"https:\/\/immopresenter3d.com\/zh\/wp-json\/wp\/v2\/posts\/2807\/revisions\/2822"}],"wp:featuredmedia":[{"embeddable":true,"href":"https:\/\/immopresenter3d.com\/zh\/wp-json\/wp\/v2\/media\/1273"}],"wp:attachment":[{"href":"https:\/\/immopresenter3d.com\/zh\/wp-json\/wp\/v2\/media?parent=2807"}],"wp:term":[{"taxonomy":"category","embeddable":true,"href":"https:\/\/immopresenter3d.com\/zh\/wp-json\/wp\/v2\/categories?post=2807"},{"taxonomy":"post_tag","embeddable":true,"href":"https:\/\/immopresenter3d.com\/zh\/wp-json\/wp\/v2\/tags?post=2807"}],"curies":[{"name":"wp","href":"https:\/\/api.w.org\/{rel}","templated":true}]}}